{"id":2556,"date":"2025-08-12T12:55:42","date_gmt":"2025-08-12T15:55:42","guid":{"rendered":"http:\/\/dospu1.unsl.edu.ar\/noticias\/?p=2556"},"modified":"2025-08-13T10:48:01","modified_gmt":"2025-08-13T13:48:01","slug":"temario-reunion-de-directorio-14-08-2025","status":"publish","type":"post","link":"http:\/\/dospu1.unsl.edu.ar\/noticias\/directorio\/temario-reunion-de-directorio-14-08-2025\/","title":{"rendered":"Temario Reuni\u00f3n de Directorio 14\/08\/2025"},"content":{"rendered":"\n<p>Sras. y Sres. Miembros del Directorio de DOSPU y DECOM:<br>Mediante la presente los\/as invito a Reuni\u00f3n Ordinaria de Directorio, convocada oportunamente por el Presidente de DOSPU y DECOM, a realizarse el&nbsp;<strong>d\u00eda jueves 14 de agosto a las 8:30 horas de modalidad PRESENCIAL.&nbsp;<\/strong>Tengan a bien confirmar su asistencia.<br>Se har\u00e1 una excepci\u00f3n para los\/as Directores de las sedes de Villa Mercedes y Villa de Merlo, quienes podr\u00e1n conectarse v\u00eda meet.<br>Los expedientes ser\u00e1n tratados en funci\u00f3n del siguiente orden del d\u00eda:<\/p>\n\n\n\n<ol><li>&nbsp;Justificaci\u00f3n de inasistencias.<\/li><li>Informe de Presidencia.<\/li><li>Informe del Delegado de Villa Mercedes.<\/li><li>Asuntos sobre tablas.<\/li><li>Asuntos entrados.<\/li><\/ol>\n\n\n\n<ul><li>EXPE 16646\/2025 ELENA FABIANA MIRANDA.<\/li><li>EXPE 9623\/2025 ENRIQUE ELORZA.<\/li><li>EXPE 9621\/2025 FABIAN MALDONADO.<\/li><li>EXPE 16570\/2025 CARTA DOCUMENTO MARIA BEATRIZ FUENTES.<\/li><li>EXPE 16572\/2025 SILVIA DUCACH.<\/li><li>EXPE 16647\/2025 NILDA URBINA.<\/li><li>EXPE 16648\/2025 JORGE EDUARDO ALTAMIRANO.<\/li><li>EXPE 16641\/2025 JORGE EDUARDO ALTAMIRANO.<\/li><li>EXPE 16649\/2025 SAADA BENTOLILA.<\/li><li>EXPE 16639\/2025 QUIROGA YANINA.<\/li><li>EXPE 16642\/2025 VERONICA NATALIA PEDERNERA.<\/li><li>EXPE 16643\/2025 MAYRA AGUSTINA MU\u00d1OZ.<\/li><\/ul>\n","protected":false},"excerpt":{"rendered":"<p>Sras. y Sres. Miembros del Directorio de DOSPU y DECOM:Mediante la presente los\/as invito a Reuni\u00f3n Ordinaria de Directorio, convocada oportunamente por el Presidente de<\/p>\n","protected":false},"author":2,"featured_media":0,"comment_status":"closed","ping_status":"closed","sticky":false,"template":"","format":"standard","meta":[],"categories":[13],"tags":[],"_links":{"self":[{"href":"http:\/\/dospu1.unsl.edu.ar\/noticias\/wp-json\/wp\/v2\/posts\/2556"}],"collection":[{"href":"http:\/\/dospu1.unsl.edu.ar\/noticias\/wp-json\/wp\/v2\/posts"}],"about":[{"href":"http:\/\/dospu1.unsl.edu.ar\/noticias\/wp-json\/wp\/v2\/types\/post"}],"author":[{"embeddable":true,"href":"http:\/\/dospu1.unsl.edu.ar\/noticias\/wp-json\/wp\/v2\/users\/2"}],"replies":[{"embeddable":true,"href":"http:\/\/dospu1.unsl.edu.ar\/noticias\/wp-json\/wp\/v2\/comments?post=2556"}],"version-history":[{"count":2,"href":"http:\/\/dospu1.unsl.edu.ar\/noticias\/wp-json\/wp\/v2\/posts\/2556\/revisions"}],"predecessor-version":[{"id":2559,"href":"http:\/\/dospu1.unsl.edu.ar\/noticias\/wp-json\/wp\/v2\/posts\/2556\/revisions\/2559"}],"wp:attachment":[{"href":"http:\/\/dospu1.unsl.edu.ar\/noticias\/wp-json\/wp\/v2\/media?parent=2556"}],"wp:term":[{"taxonomy":"category","embeddable":true,"href":"http:\/\/dospu1.unsl.edu.ar\/noticias\/wp-json\/wp\/v2\/categories?post=2556"},{"taxonomy":"post_tag","embeddable":true,"href":"http:\/\/dospu1.unsl.edu.ar\/noticias\/wp-json\/wp\/v2\/tags?post=2556"}],"curies":[{"name":"wp","href":"https:\/\/api.w.org\/{rel}","templated":true}]}}