{"id":2541,"date":"2025-07-29T13:48:24","date_gmt":"2025-07-29T16:48:24","guid":{"rendered":"http:\/\/dospu1.unsl.edu.ar\/noticias\/?p=2541"},"modified":"2025-07-29T13:48:27","modified_gmt":"2025-07-29T16:48:27","slug":"temario-reunion-de-directorio-31-07-2025","status":"publish","type":"post","link":"http:\/\/dospu1.unsl.edu.ar\/noticias\/directorio\/temario-reunion-de-directorio-31-07-2025\/","title":{"rendered":"Temario Reuni\u00f3n de Directorio 31\/07\/2025"},"content":{"rendered":"\n<p>Sras. y Sres. Miembros del Directorio de DOSPU y DECOM:<br>Mediante la presente los\/as invito a Reuni\u00f3n Ordinaria de Directorio, convocada oportunamente por el Presidente de DOSPU y DECOM, a realizarse el\u00a0<strong>d\u00eda jueves 31 de julio a las 8:30 horas de modalidad PRESENCIAL.\u00a0<\/strong>Tengan a bien confirmar su asistencia.<br>Se har\u00e1 una excepci\u00f3n para los\/as Directores de las sedes de Villa Mercedes y Villa de Merlo, quienes podr\u00e1n conectarse v\u00eda meet.<br>Los expedientes y las actas ser\u00e1n tratados en funci\u00f3n del siguiente orden del d\u00eda:<\/p>\n\n\n\n<ol><li>&nbsp;Justificaci\u00f3n de inasistencias.<\/li><li>Informe de Presidencia.<\/li><li>Informe del Delegado de Villa Mercedes.<\/li><li>Lectura y aprobaci\u00f3n de las Actas N\u00ba 789.<\/li><li>Asuntos sobre tablas.<\/li><li>Asuntos entrados.<\/li><\/ol>\n\n\n\n<ul><li>EXPE 9628\/2025 Solicitud de puesta en valor a oficinas de DECOM por el 50\u00b0 aniversario.<\/li><li>EXPE 8943\/2025 Actualizaci\u00f3n Normativa Diabetes.<\/li><li>EXPE 9349\/2025 Protocolo para Uso de iSGLT2 y GLP-1 en Diabetes Mellitus Tipo 2.<\/li><li>EXPE 397\/2025 Vademecum Cosun.<\/li><li>EXPE 9475\/2025 ALICIA SUSANA MENDOZA.<\/li><li>EXPE 9477\/2025 Nazario Pedernera Daniel.<\/li><li>TRA 14587\/2025 BARROSO LILIANA.<\/li><li>EXPE 9478\/2025 ROLDAN, VANESA.<\/li><li>EXPE 9592\/2025 Gonzalez Ramon.<\/li><li>EXPE 9591\/2025 Notificaci\u00f3n de incidente violento y requerimiento de acciones.<\/li><li>EXPE 9583\/2025 DELGADO MARIA GABRIELA.<\/li><li>EXPE 9582\/2025 RAUL EDGARDO SAMPER BATTINI.<\/li><li>EXPE 8883\/2025 ELENA FABIANA MIRANDA.<\/li><li>EXPE 9629\/2025 RAMIRO FUNES.<\/li><li>EXPE 9626\/2025 LIC. CARLA GISELA VILLALBA.<\/li><li>EXPE 9625\/2025 VIRGINIA ELENA JUAN HIKAWCZUK.<\/li><li>EXPE 9623\/2025 ENRIQUE ELORZA.<\/li><li>EXPE 9622\/2025 SALGADO CARLOS HUMBERTO.<\/li><li>EXPE 9621\/2025 FABIAN MALDONADO .<\/li><li>EXPE 9620\/2025 STAGNITTA PATRICIA VIRGINIA.<\/li><li>EXPE 9631\/2025 DU-RENS CENTRO NEFROL\u00d3GICO.<\/li><li>EXPE 9627\/2025 OD. MILTON RENE ARDEL.<\/li><li>EXPE 9632\/2025\u00a0 MARIA RITA SALTALAMACCHIA.<\/li><li>TRA 15522\/2025 NORA ESCUDERO.<\/li><\/ul>\n","protected":false},"excerpt":{"rendered":"<p>Sras. y Sres. Miembros del Directorio de DOSPU y DECOM:Mediante la presente los\/as invito a Reuni\u00f3n Ordinaria de Directorio, convocada oportunamente por el Presidente de<\/p>\n","protected":false},"author":2,"featured_media":0,"comment_status":"closed","ping_status":"closed","sticky":false,"template":"","format":"standard","meta":[],"categories":[13],"tags":[],"_links":{"self":[{"href":"http:\/\/dospu1.unsl.edu.ar\/noticias\/wp-json\/wp\/v2\/posts\/2541"}],"collection":[{"href":"http:\/\/dospu1.unsl.edu.ar\/noticias\/wp-json\/wp\/v2\/posts"}],"about":[{"href":"http:\/\/dospu1.unsl.edu.ar\/noticias\/wp-json\/wp\/v2\/types\/post"}],"author":[{"embeddable":true,"href":"http:\/\/dospu1.unsl.edu.ar\/noticias\/wp-json\/wp\/v2\/users\/2"}],"replies":[{"embeddable":true,"href":"http:\/\/dospu1.unsl.edu.ar\/noticias\/wp-json\/wp\/v2\/comments?post=2541"}],"version-history":[{"count":1,"href":"http:\/\/dospu1.unsl.edu.ar\/noticias\/wp-json\/wp\/v2\/posts\/2541\/revisions"}],"predecessor-version":[{"id":2542,"href":"http:\/\/dospu1.unsl.edu.ar\/noticias\/wp-json\/wp\/v2\/posts\/2541\/revisions\/2542"}],"wp:attachment":[{"href":"http:\/\/dospu1.unsl.edu.ar\/noticias\/wp-json\/wp\/v2\/media?parent=2541"}],"wp:term":[{"taxonomy":"category","embeddable":true,"href":"http:\/\/dospu1.unsl.edu.ar\/noticias\/wp-json\/wp\/v2\/categories?post=2541"},{"taxonomy":"post_tag","embeddable":true,"href":"http:\/\/dospu1.unsl.edu.ar\/noticias\/wp-json\/wp\/v2\/tags?post=2541"}],"curies":[{"name":"wp","href":"https:\/\/api.w.org\/{rel}","templated":true}]}}